{"id":622,"date":"2026-02-05T14:40:47","date_gmt":"2026-02-05T14:40:47","guid":{"rendered":"https:\/\/guidasso-lareunion.org\/?p=622"},"modified":"2026-02-05T15:17:31","modified_gmt":"2026-02-05T15:17:31","slug":"programme-de-formation-2026","status":"publish","type":"post","link":"https:\/\/guidasso-lareunion.org\/index.php\/2026\/02\/05\/programme-de-formation-2026\/","title":{"rendered":"Lancement du programme de formation Guid&rsquo;Asso 2026 !"},"content":{"rendered":"<p>[et_pb_section fb_built=\u00a0\u00bb1&Prime; _builder_version=\u00a0\u00bb4.16&Prime; global_colors_info=\u00a0\u00bb{}\u00a0\u00bb theme_builder_area=\u00a0\u00bbpost_content\u00a0\u00bb custom_padding=\u00a0\u00bb6px|||||\u00a0\u00bb custom_margin=\u00a0\u00bb-3px|||||\u00a0\u00bb][et_pb_row _builder_version=\u00a0\u00bb4.16&Prime; background_size=\u00a0\u00bbinitial\u00a0\u00bb background_position=\u00a0\u00bbtop_left\u00a0\u00bb background_repeat=\u00a0\u00bbrepeat\u00a0\u00bb global_colors_info=\u00a0\u00bb{}\u00a0\u00bb theme_builder_area=\u00a0\u00bbpost_content\u00a0\u00bb custom_padding=\u00a0\u00bb0px|||||\u00a0\u00bb][et_pb_column type=\u00a0\u00bb4_4&Prime; _builder_version=\u00a0\u00bb4.16&Prime; custom_padding=\u00a0\u00bb|||\u00a0\u00bb global_colors_info=\u00a0\u00bb{}\u00a0\u00bb custom_padding__hover=\u00a0\u00bb|||\u00a0\u00bb theme_builder_area=\u00a0\u00bbpost_content\u00a0\u00bb][et_pb_text _builder_version=\u00a0\u00bb4.27.4&Prime; background_size=\u00a0\u00bbinitial\u00a0\u00bb background_position=\u00a0\u00bbtop_left\u00a0\u00bb background_repeat=\u00a0\u00bbrepeat\u00a0\u00bb hover_enabled=\u00a0\u00bb0&Prime; global_colors_info=\u00a0\u00bb{}\u00a0\u00bb theme_builder_area=\u00a0\u00bbpost_content\u00a0\u00bb sticky_enabled=\u00a0\u00bb0&Prime;]<\/p>\n<p style=\"text-align: justify;\"><!-- divi:paragraph -->Former les acteurs du r\u00e9seau Guid\u2019Asso, c\u2019est faire le choix de renforcer durablement la qualit\u00e9 de l\u2019accompagnement propos\u00e9 aux associations sur l\u2019ensemble du territoire. Dans un contexte o\u00f9 les enjeux associatifs \u00e9voluent, la mont\u00e9e en comp\u00e9tences des structures accompagnatrices est un levier essentiel pour r\u00e9pondre aux besoins du terrain.<\/p>\n<p style=\"text-align: justify;\"><!-- \/divi:paragraph --><\/p>\n<p style=\"text-align: justify;\"><!-- divi:paragraph --><strong>Un nouveau programme dans la continuit\u00e9 de 2025<\/strong><\/p>\n<p style=\"text-align: justify;\"><!-- \/divi:paragraph --><\/p>\n<p style=\"text-align: justify;\"><!-- divi:paragraph -->Apr\u00e8s un premier cycle de formation d\u00e9ploy\u00e9 avec succ\u00e8s en 2025 aupr\u00e8s des structures labellis\u00e9es <em>Information<\/em> et <em>Accompagnateur G\u00e9n\u00e9raliste<\/em>, un nouveau programme de formation d\u00e9marre en 2026.<\/p>\n<p style=\"text-align: justify;\"><!-- \/divi:paragraph --><\/p>\n<p style=\"text-align: justify;\"><!-- divi:paragraph -->Nouveaut\u00e9 cette ann\u00e9e : les Accompagnateurs Sp\u00e9cialistes et le DLA rejoignent la dynamique de formation, aux c\u00f4t\u00e9s des structures <em>Information<\/em> et <em>Accompagnateurs G\u00e9n\u00e9ralistes<\/em>.<\/p>\n<p style=\"text-align: justify;\"><!-- \/divi:paragraph --><\/p>\n<p style=\"text-align: justify;\"><!-- divi:paragraph -->Cette \u00e9volution marque une \u00e9tape importante dans la structuration et l\u2019harmonisation des pratiques au sein du r\u00e9seau Guid\u2019Asso.<\/p>\n<p style=\"text-align: justify;\"><!-- \/divi:paragraph --><\/p>\n<p style=\"text-align: justify;\"><!-- divi:paragraph --><strong>Une premi\u00e8re session autour de l\u2019engagement et de la gouvernance<\/strong><\/p>\n<p style=\"text-align: justify;\"><!-- \/divi:paragraph --><\/p>\n<p style=\"text-align: justify;\"><!-- divi:paragraph -->La premi\u00e8re session du programme s\u2019est tenue le 18 d\u00e9cembre dernier. Cette journ\u00e9e a \u00e9t\u00e9 consacr\u00e9e \u00e0 un enjeu central de la vie associative :<\/p>\n<p style=\"text-align: justify;\"><!-- \/divi:paragraph --><\/p>\n<p style=\"text-align: justify;\"><!-- divi:paragraph -->l\u2019engagement et la participation citoyenne, avec une d\u00e9couverte de la gouvernance partag\u00e9e pr\u00e9sent\u00e9e par Le Clan.<\/p>\n<p style=\"text-align: justify;\"><!-- \/divi:paragraph --><\/p>\n<p style=\"text-align: justify;\"><!-- divi:paragraph --><strong>Une finalit\u00e9 claire : mieux accompagner les associations<\/strong><\/p>\n<p style=\"text-align: justify;\"><!-- \/divi:paragraph --><\/p>\n<p style=\"text-align: justify;\"><!-- divi:paragraph -->L\u2019objectif de ce programme de formation est clair :<\/p>\n<p style=\"text-align: justify;\"><!-- \/divi:paragraph --><\/p>\n<p style=\"text-align: justify;\"><!-- divi:paragraph -->permettre aux acteurs du r\u00e9seau Guid\u2019Asso de renforcer leurs comp\u00e9tences, enrichir leurs pratiques et prendre du recul sur leurs postures d\u2019accompagnement.<\/p>\n<p style=\"text-align: justify;\"><!-- \/divi:paragraph --><\/p>\n<p style=\"text-align: justify;\"><!-- divi:paragraph -->Pour les associations, cela se traduit par un accompagnement plus adapt\u00e9, plus pertinent et plus durable, capable de mieux r\u00e9pondre aux enjeux de gouvernance, de participation et de d\u00e9veloppement de leurs projets.<\/p>\n<p style=\"text-align: justify;\"><!-- \/divi:paragraph --><\/p>\n<p style=\"text-align: justify;\"><!-- divi:paragraph --><strong>Un programme rendu possible gr\u00e2ce au soutien d\u2019Uniformation<\/strong><\/p>\n<p style=\"text-align: justify;\"><!-- \/divi:paragraph --><\/p>\n<p style=\"text-align: justify;\"><!-- divi:paragraph -->Nous remercions l\u2019OPCO Uniformation pour leur soutien essentiel \u00e0 la mise en \u0153uvre de ce programme de formation, au service des acteurs du r\u00e9seau Guid\u2019Asso et des associations du territoire.<\/p>\n<p style=\"text-align: justify;\"><!-- \/divi:paragraph --><\/p>\n<p style=\"text-align: justify;\"><!-- divi:paragraph -->D\u2019autres sessions viendront rythmer l\u2019ann\u00e9e 2026 afin de poursuivre cette dynamique collective de professionnalisation et de coop\u00e9ration au sein du r\u00e9seau.<\/p>\n<p><!-- \/divi:paragraph --><\/p>\n<p>[\/et_pb_text][et_pb_image src=\u00a0\u00bbhttp:\/\/guidasso-lareunion.org\/wp-content\/uploads\/2026\/01\/Uniformation.png\u00a0\u00bb _builder_version=\u00a0\u00bb4.27.4&Prime; _module_preset=\u00a0\u00bbdefault\u00a0\u00bb theme_builder_area=\u00a0\u00bbpost_content\u00a0\u00bb title_text=\u00a0\u00bbUniformation\u00a0\u00bb align=\u00a0\u00bbcenter\u00a0\u00bb width=\u00a0\u00bb30%\u00a0\u00bb hover_enabled=\u00a0\u00bb0&Prime; sticky_enabled=\u00a0\u00bb0&Prime;][\/et_pb_image][et_pb_gallery _builder_version=\u00a0\u00bb4.27.4&Prime; _module_preset=\u00a0\u00bbdefault\u00a0\u00bb theme_builder_area=\u00a0\u00bbpost_content\u00a0\u00bb gallery_ids=\u00a0\u00bb353,352,351,350,349,348,333&Prime; fullwidth=\u00a0\u00bbon\u00a0\u00bb module_alignment=\u00a0\u00bbcenter\u00a0\u00bb width=\u00a0\u00bb69%\u00a0\u00bb hover_enabled=\u00a0\u00bb0&Prime; sticky_enabled=\u00a0\u00bb0&Prime; gallery_orderby=\u00a0\u00bbrand\u00a0\u00bb][\/et_pb_gallery][\/et_pb_column][\/et_pb_row][\/et_pb_section]<\/p>\n","protected":false},"excerpt":{"rendered":"<p>Former les acteurs du r\u00e9seau Guid\u2019Asso, c\u2019est faire le choix de renforcer durablement la qualit\u00e9 de l\u2019accompagnement propos\u00e9 aux associations sur l\u2019ensemble du territoire. Dans un contexte o\u00f9 les enjeux associatifs \u00e9voluent, la mont\u00e9e en comp\u00e9tences des structures accompagnatrices est un levier essentiel pour r\u00e9pondre aux besoins du terrain. Un nouveau programme dans la continuit\u00e9 [&hellip;]<\/p>\n","protected":false},"author":2,"featured_media":333,"comment_status":"closed","ping_status":"closed","sticky":false,"template":"","format":"standard","meta":{"_et_pb_use_builder":"on","_et_pb_old_content":"<!-- wp:paragraph -->\n<p>Former les acteurs du r\u00e9seau Guid\u2019Asso, c\u2019est faire le choix de renforcer durablement la qualit\u00e9 de l\u2019accompagnement propos\u00e9 aux associations sur l\u2019ensemble du territoire. Dans un contexte o\u00f9 les enjeux associatifs \u00e9voluent, la mont\u00e9e en comp\u00e9tences des structures accompagnatrices est un levier essentiel pour r\u00e9pondre aux besoins du terrain.<\/p>\n<!-- \/wp:paragraph -->\n\n<!-- wp:paragraph -->\n<p><strong>Un nouveau programme dans la continuit\u00e9 de 2025<\/strong><\/p>\n<!-- \/wp:paragraph -->\n\n<!-- wp:paragraph -->\n<p>Apr\u00e8s un premier cycle de formation d\u00e9ploy\u00e9 avec succ\u00e8s en 2025 aupr\u00e8s des structures labellis\u00e9es <em>Information<\/em> et <em>Accompagnateur G\u00e9n\u00e9raliste<\/em>, un nouveau programme de formation d\u00e9marre en 2026.<\/p>\n<!-- \/wp:paragraph -->\n\n<!-- wp:paragraph -->\n<p>Nouveaut\u00e9 cette ann\u00e9e : les Accompagnateurs Sp\u00e9cialistes et le DLA rejoignent la dynamique de formation, aux c\u00f4t\u00e9s des structures <em>Information<\/em> et <em>Accompagnateurs G\u00e9n\u00e9ralistes<\/em>.<\/p>\n<!-- \/wp:paragraph -->\n\n<!-- wp:paragraph -->\n<p>Cette \u00e9volution marque une \u00e9tape importante dans la structuration et l\u2019harmonisation des pratiques au sein du r\u00e9seau Guid\u2019Asso.<\/p>\n<!-- \/wp:paragraph -->\n\n<!-- wp:paragraph -->\n<p><strong>Une premi\u00e8re session autour de l\u2019engagement et de la gouvernance<\/strong><\/p>\n<!-- \/wp:paragraph -->\n\n<!-- wp:paragraph -->\n<p>La premi\u00e8re session du programme s\u2019est tenue le 18 d\u00e9cembre dernier. Cette journ\u00e9e a \u00e9t\u00e9 consacr\u00e9e \u00e0 un enjeu central de la vie associative :<\/p>\n<!-- \/wp:paragraph -->\n\n<!-- wp:paragraph -->\n<p>l\u2019engagement et la participation citoyenne, avec une d\u00e9couverte de la gouvernance partag\u00e9e pr\u00e9sent\u00e9e par Le Clan.<\/p>\n<!-- \/wp:paragraph -->\n\n<!-- wp:paragraph -->\n<p><strong>Une finalit\u00e9 claire : mieux accompagner les associations<\/strong><\/p>\n<!-- \/wp:paragraph -->\n\n<!-- wp:paragraph -->\n<p>L\u2019objectif de ce programme de formation est clair :<\/p>\n<!-- \/wp:paragraph -->\n\n<!-- wp:paragraph -->\n<p>permettre aux acteurs du r\u00e9seau Guid\u2019Asso de renforcer leurs comp\u00e9tences, enrichir leurs pratiques et prendre du recul sur leurs postures d\u2019accompagnement.<\/p>\n<!-- \/wp:paragraph -->\n\n<!-- wp:paragraph -->\n<p>Pour les associations, cela se traduit par un accompagnement plus adapt\u00e9, plus pertinent et plus durable, capable de mieux r\u00e9pondre aux enjeux de gouvernance, de participation et de d\u00e9veloppement de leurs projets.<\/p>\n<!-- \/wp:paragraph -->\n\n<!-- wp:paragraph -->\n<p><strong>Un programme rendu possible gr\u00e2ce au soutien d\u2019Uniformation<\/strong><\/p>\n<!-- \/wp:paragraph -->\n\n<!-- wp:paragraph -->\n<p>Nous remercions l\u2019OPCO Uniformation pour leur soutien essentiel \u00e0 la mise en \u0153uvre de ce programme de formation, au service des acteurs du r\u00e9seau Guid\u2019Asso et des associations du territoire.<\/p>\n<!-- \/wp:paragraph -->\n\n<!-- wp:paragraph -->\n<p>D\u2019autres sessions viendront rythmer l\u2019ann\u00e9e 2026 afin de poursuivre cette dynamique collective de professionnalisation et de coop\u00e9ration au sein du r\u00e9seau.<\/p>\n<!-- \/wp:paragraph -->","_et_gb_content_width":"","footnotes":""},"categories":[1],"tags":[],"class_list":["post-622","post","type-post","status-publish","format-standard","has-post-thumbnail","hentry","category-uncategorized"],"_links":{"self":[{"href":"https:\/\/guidasso-lareunion.org\/index.php\/wp-json\/wp\/v2\/posts\/622","targetHints":{"allow":["GET"]}}],"collection":[{"href":"https:\/\/guidasso-lareunion.org\/index.php\/wp-json\/wp\/v2\/posts"}],"about":[{"href":"https:\/\/guidasso-lareunion.org\/index.php\/wp-json\/wp\/v2\/types\/post"}],"author":[{"embeddable":true,"href":"https:\/\/guidasso-lareunion.org\/index.php\/wp-json\/wp\/v2\/users\/2"}],"replies":[{"embeddable":true,"href":"https:\/\/guidasso-lareunion.org\/index.php\/wp-json\/wp\/v2\/comments?post=622"}],"version-history":[{"count":13,"href":"https:\/\/guidasso-lareunion.org\/index.php\/wp-json\/wp\/v2\/posts\/622\/revisions"}],"predecessor-version":[{"id":652,"href":"https:\/\/guidasso-lareunion.org\/index.php\/wp-json\/wp\/v2\/posts\/622\/revisions\/652"}],"wp:featuredmedia":[{"embeddable":true,"href":"https:\/\/guidasso-lareunion.org\/index.php\/wp-json\/wp\/v2\/media\/333"}],"wp:attachment":[{"href":"https:\/\/guidasso-lareunion.org\/index.php\/wp-json\/wp\/v2\/media?parent=622"}],"wp:term":[{"taxonomy":"category","embeddable":true,"href":"https:\/\/guidasso-lareunion.org\/index.php\/wp-json\/wp\/v2\/categories?post=622"},{"taxonomy":"post_tag","embeddable":true,"href":"https:\/\/guidasso-lareunion.org\/index.php\/wp-json\/wp\/v2\/tags?post=622"}],"curies":[{"name":"wp","href":"https:\/\/api.w.org\/{rel}","templated":true}]}}