{"id":636,"date":"2026-02-05T15:13:24","date_gmt":"2026-02-05T15:13:24","guid":{"rendered":"https:\/\/guidasso-lareunion.org\/?p=636"},"modified":"2026-02-05T15:14:29","modified_gmt":"2026-02-05T15:14:29","slug":"calendrier-previsionnel-2026-des-appels-a-projet-des-service-de-letat","status":"publish","type":"post","link":"https:\/\/guidasso-lareunion.org\/index.php\/2026\/02\/05\/calendrier-previsionnel-2026-des-appels-a-projet-des-service-de-letat\/","title":{"rendered":"Calendrier pr\u00e9visionnel 2026 des appels \u00e0 projet des service de l&rsquo;\u00c9tat"},"content":{"rendered":"<p>[et_pb_section fb_built=\u00a0\u00bb1&Prime; admin_label=\u00a0\u00bbsection\u00a0\u00bb _builder_version=\u00a0\u00bb4.16&Prime; global_colors_info=\u00a0\u00bb{}\u00a0\u00bb theme_builder_area=\u00a0\u00bbpost_content\u00a0\u00bb custom_padding=\u00a0\u00bb22px|||||\u00a0\u00bb custom_margin=\u00a0\u00bb||-128px|||\u00a0\u00bb][et_pb_row admin_label=\u00a0\u00bbrow\u00a0\u00bb _builder_version=\u00a0\u00bb4.16&Prime; background_size=\u00a0\u00bbinitial\u00a0\u00bb background_position=\u00a0\u00bbtop_left\u00a0\u00bb background_repeat=\u00a0\u00bbrepeat\u00a0\u00bb global_colors_info=\u00a0\u00bb{}\u00a0\u00bb theme_builder_area=\u00a0\u00bbpost_content\u00a0\u00bb custom_margin=\u00a0\u00bb-42px|auto||auto||\u00a0\u00bb][et_pb_column type=\u00a0\u00bb4_4&Prime; _builder_version=\u00a0\u00bb4.16&Prime; custom_padding=\u00a0\u00bb|||\u00a0\u00bb global_colors_info=\u00a0\u00bb{}\u00a0\u00bb custom_padding__hover=\u00a0\u00bb|||\u00a0\u00bb theme_builder_area=\u00a0\u00bbpost_content\u00a0\u00bb][et_pb_text _builder_version=\u00a0\u00bb4.27.4&Prime; _module_preset=\u00a0\u00bbdefault\u00a0\u00bb global_colors_info=\u00a0\u00bb{}\u00a0\u00bb theme_builder_area=\u00a0\u00bbpost_content\u00a0\u00bb]<\/p>\n<p>Le calendrier pr\u00e9visionnel 2026 des appels \u00e0 projet des services de l&rsquo;\u00c9tat \u00e0 La R\u00e9union est disponible.<\/p>\n<p><a href=\"http:\/\/guidasso-lareunion.org\/wp-content\/uploads\/2026\/02\/2026_CALENDRIER_PREVISIONNEL_DES_APPELS_A_PROJET_AAP_DES_SERVICES_DE_LETAT_-_LA_REUNION_V1.pdf\">T\u00e9l\u00e9charger le calendrier en version PDF<\/a><\/p>\n<p>[\/et_pb_text][\/et_pb_column][\/et_pb_row][et_pb_row _builder_version=\u00a0\u00bb4.27.4&Prime; _module_preset=\u00a0\u00bbdefault\u00a0\u00bb global_colors_info=\u00a0\u00bb{}\u00a0\u00bb theme_builder_area=\u00a0\u00bbpost_content\u00a0\u00bb][et_pb_column type=\u00a0\u00bb4_4&Prime; _builder_version=\u00a0\u00bb4.27.4&Prime; _module_preset=\u00a0\u00bbdefault\u00a0\u00bb global_colors_info=\u00a0\u00bb{}\u00a0\u00bb theme_builder_area=\u00a0\u00bbpost_content\u00a0\u00bb][et_pb_image src=\u00a0\u00bbhttp:\/\/guidasso-lareunion.org\/wp-content\/uploads\/2026\/02\/2026_CALENDRIER_PREVISIONNEL_DES_APPELS_A_PROJET_AAP_DES_SERVICES_DE_LETAT_-_LA_REUNION_V1_page1-scaled.jpg\u00a0\u00bb title_text=\u00a0\u00bb2026_CALENDRIER_PR\u00c9VISIONNEL_DES_APPELS_\u00c0_PROJET_(AAP)_DES_SERVICES_DE_L\u2019ETAT_-_LA_R\u00c9UNION_V1_page1&Prime; show_in_lightbox=\u00a0\u00bbon\u00a0\u00bb _builder_version=\u00a0\u00bb4.27.4&Prime; _module_preset=\u00a0\u00bbdefault\u00a0\u00bb global_colors_info=\u00a0\u00bb{}\u00a0\u00bb theme_builder_area=\u00a0\u00bbpost_content\u00a0\u00bb][\/et_pb_image][et_pb_image src=\u00a0\u00bbhttp:\/\/guidasso-lareunion.org\/wp-content\/uploads\/2026\/02\/2026_CALENDRIER_PREVISIONNEL_DES_APPELS_A_PROJET_AAP_DES_SERVICES_DE_LETAT_-_LA_REUNION_V1_page2-scaled.jpg\u00a0\u00bb title_text=\u00a0\u00bb2026_CALENDRIER_PR\u00c9VISIONNEL_DES_APPELS_\u00c0_PROJET_(AAP)_DES_SERVICES_DE_L\u2019ETAT_-_LA_R\u00c9UNION_V1_page2&Prime; show_in_lightbox=\u00a0\u00bbon\u00a0\u00bb _builder_version=\u00a0\u00bb4.27.4&Prime; _module_preset=\u00a0\u00bbdefault\u00a0\u00bb global_colors_info=\u00a0\u00bb{}\u00a0\u00bb theme_builder_area=\u00a0\u00bbpost_content\u00a0\u00bb][\/et_pb_image][\/et_pb_column][\/et_pb_row][\/et_pb_section]<\/p>\n","protected":false},"excerpt":{"rendered":"<p>Le calendrier pr\u00e9visionnel 2026 des appels \u00e0 projet des services de l&rsquo;\u00c9tat \u00e0 La R\u00e9union est disponible. T\u00e9l\u00e9charger le calendrier en version PDF<\/p>\n","protected":false},"author":2,"featured_media":485,"comment_status":"open","ping_status":"open","sticky":false,"template":"","format":"standard","meta":{"_et_pb_use_builder":"on","_et_pb_old_content":"<!-- wp:paragraph {\"fitText\":true} -->\n<p class=\"has-fit-text\"><\/p>\n<!-- \/wp:paragraph -->\n\n<!-- wp:paragraph -->\n<p>Le calendrier pr\u00e9visionnel 2026 des appels \u00e0 projet des service de l'\u00c9tat \u00e0 La R\u00e9union est disponible.<br><br><\/p>\n<!-- \/wp:paragraph -->\n\n<!-- wp:file {\"id\":487,\"href\":\"http:\/\/guidasso-lareunion.org\/wp-content\/uploads\/2026\/02\/2026_CALENDRIER_PREVISIONNEL_DES_APPELS_A_PROJET_AAP_DES_SERVICES_DE_LETAT_-_LA_REUNION_V1.pdf\",\"displayPreview\":true,\"previewHeight\":200} -->\n<div class=\"wp-block-file\"><object class=\"wp-block-file__embed\" data=\"http:\/\/guidasso-lareunion.org\/wp-content\/uploads\/2026\/02\/2026_CALENDRIER_PREVISIONNEL_DES_APPELS_A_PROJET_AAP_DES_SERVICES_DE_LETAT_-_LA_REUNION_V1.pdf\" type=\"application\/pdf\" style=\"width:100%;height:200px\" aria-label=\"Calendrier pr\u00e9visionnel APP 2026\"><\/object><a id=\"wp-block-file--media-15661c38-e4d9-4cc2-9638-6256e214106a\" href=\"http:\/\/guidasso-lareunion.org\/wp-content\/uploads\/2026\/02\/2026_CALENDRIER_PREVISIONNEL_DES_APPELS_A_PROJET_AAP_DES_SERVICES_DE_LETAT_-_LA_REUNION_V1.pdf\">Calendrier pr\u00e9visionnel APP 2026<\/a><a href=\"http:\/\/guidasso-lareunion.org\/wp-content\/uploads\/2026\/02\/2026_CALENDRIER_PREVISIONNEL_DES_APPELS_A_PROJET_AAP_DES_SERVICES_DE_LETAT_-_LA_REUNION_V1.pdf\" class=\"wp-block-file__button wp-element-button\" download aria-describedby=\"wp-block-file--media-15661c38-e4d9-4cc2-9638-6256e214106a\">T\u00e9l\u00e9charger<\/a><\/div>\n<!-- \/wp:file -->","_et_gb_content_width":"","footnotes":""},"categories":[1],"tags":[],"class_list":["post-636","post","type-post","status-publish","format-standard","has-post-thumbnail","hentry","category-uncategorized"],"_links":{"self":[{"href":"https:\/\/guidasso-lareunion.org\/index.php\/wp-json\/wp\/v2\/posts\/636","targetHints":{"allow":["GET"]}}],"collection":[{"href":"https:\/\/guidasso-lareunion.org\/index.php\/wp-json\/wp\/v2\/posts"}],"about":[{"href":"https:\/\/guidasso-lareunion.org\/index.php\/wp-json\/wp\/v2\/types\/post"}],"author":[{"embeddable":true,"href":"https:\/\/guidasso-lareunion.org\/index.php\/wp-json\/wp\/v2\/users\/2"}],"replies":[{"embeddable":true,"href":"https:\/\/guidasso-lareunion.org\/index.php\/wp-json\/wp\/v2\/comments?post=636"}],"version-history":[{"count":9,"href":"https:\/\/guidasso-lareunion.org\/index.php\/wp-json\/wp\/v2\/posts\/636\/revisions"}],"predecessor-version":[{"id":906,"href":"https:\/\/guidasso-lareunion.org\/index.php\/wp-json\/wp\/v2\/posts\/636\/revisions\/906"}],"wp:featuredmedia":[{"embeddable":true,"href":"https:\/\/guidasso-lareunion.org\/index.php\/wp-json\/wp\/v2\/media\/485"}],"wp:attachment":[{"href":"https:\/\/guidasso-lareunion.org\/index.php\/wp-json\/wp\/v2\/media?parent=636"}],"wp:term":[{"taxonomy":"category","embeddable":true,"href":"https:\/\/guidasso-lareunion.org\/index.php\/wp-json\/wp\/v2\/categories?post=636"},{"taxonomy":"post_tag","embeddable":true,"href":"https:\/\/guidasso-lareunion.org\/index.php\/wp-json\/wp\/v2\/tags?post=636"}],"curies":[{"name":"wp","href":"https:\/\/api.w.org\/{rel}","templated":true}]}}